{"id":3123,"date":"2026-08-28T22:18:45","date_gmt":"2026-08-29T01:18:45","guid":{"rendered":"https:\/\/octo.com.br\/blog\/com-quanto-tempo-reservar-espaco-festa\/"},"modified":"2026-08-28T22:18:45","modified_gmt":"2026-08-29T01:18:45","slug":"com-quanto-tempo-reservar-espaco-festa","status":"publish","type":"post","link":"http:\/\/octo.com.br\/blog\/com-quanto-tempo-reservar-espaco-festa\/","title":{"rendered":"Com Quanto Tempo Reservar o Espa\u00e7o da Festa?"},"content":{"rendered":"<p>Uma data especial parece distante at\u00e9 o momento em que o espa\u00e7o ideal j\u00e1 est\u00e1 reservado. Por isso, a pergunta \u201ccom quanto tempo de anteced\u00eancia devo reservar o espa\u00e7o para a minha festa?\u201d deve entrar no planejamento antes mesmo de definir detalhes como decora\u00e7\u00e3o, card\u00e1pio ou atra\u00e7\u00f5es. Em S\u00e3o Paulo, especialmente para eventos em bairros disputados como Pinheiros e Vila Madalena, a disponibilidade costuma ser um dos pontos que mais influenciam todas as outras decis\u00f5es.<\/p>\n<p>A resposta curta \u00e9: reserve assim que tiver uma previs\u00e3o de data, n\u00famero de convidados e formato da celebra\u00e7\u00e3o. A resposta completa depende do tipo de evento, da \u00e9poca do ano e da flexibilidade que voc\u00ea tem para mudar o dia ou o hor\u00e1rio. Antecipar a escolha do espa\u00e7o reduz riscos, amplia as op\u00e7\u00f5es e permite organizar cada etapa com mais seguran\u00e7a.<\/p>\n<h2>Com quanto tempo de anteced\u00eancia reservar o espa\u00e7o?<\/h2>\n<p>Para <a href=\"https:\/\/octo.com.br\/aniversarios\">anivers\u00e1rios adultos<\/a>, a recomenda\u00e7\u00e3o \u00e9 come\u00e7ar a busca entre quatro e seis meses antes. Esse prazo costuma ser suficiente para comparar possibilidades, conhecer o local, avaliar o or\u00e7amento e garantir uma data desejada. Se a comemora\u00e7\u00e3o acontecer em uma sexta-feira ou s\u00e1bado \u00e0 noite, vale agir ainda mais cedo, pois esses hor\u00e1rios s\u00e3o naturalmente os mais concorridos.<\/p>\n<p>No caso de confraterniza\u00e7\u00f5es corporativas e festas de fim de ano, o ideal \u00e9 iniciar o processo entre seis e nove meses antes. De outubro a dezembro, empresas de diferentes portes disputam os mesmos per\u00edodos, principalmente noites de quinta e sexta-feira. Quem deixa para os \u00faltimos meses pode encontrar menos alternativas de data, ter de rever a lista de convidados ou abrir m\u00e3o de escolhas importantes para a experi\u00eancia do time.<\/p>\n<p>Para happy hours corporativos, workshops, treinamentos e caf\u00e9s da manh\u00e3, tr\u00eas a seis meses de anteced\u00eancia normalmente oferecem uma boa margem. Ainda assim, eventos que dependem da agenda de executivos, palestrantes ou parceiros estrat\u00e9gicos merecem uma decis\u00e3o mais r\u00e1pida. A data do espa\u00e7o precisa acompanhar a disponibilidade das pessoas que fazem o encontro acontecer.<\/p>\n<p>Mini weddings, casamentos e celebra\u00e7\u00f5es familiares maiores pedem, em geral, de oito a doze meses de organiza\u00e7\u00e3o. Al\u00e9m da reserva do local, h\u00e1 fornecedores, convidados de outras cidades, cerim\u00f4nia, buffet, m\u00fasica e uma s\u00e9rie de defini\u00e7\u00f5es que se conectam. Garantir o espa\u00e7o cedo ajuda o casal ou a fam\u00edlia a construir um evento coerente, sem decis\u00f5es apressadas.<\/p>\n<h2>O calend\u00e1rio pode mudar completamente o prazo<\/h2>\n<p>N\u00e3o \u00e9 s\u00f3 o tipo de festa que determina a anteced\u00eancia. Algumas \u00e9pocas do ano elevam a procura e exigem aten\u00e7\u00e3o redobrada. Dezembro \u00e9 o exemplo mais evidente pelas confraterniza\u00e7\u00f5es corporativas, mas maio, junho, setembro e novembro tamb\u00e9m concentram anivers\u00e1rios, casamentos, encontros empresariais e celebra\u00e7\u00f5es de encerramento de ciclo.<\/p>\n<p>Feriados prolongados merecem uma avalia\u00e7\u00e3o particular. Algumas pessoas preferem viajar, o que pode facilitar a disponibilidade em determinadas datas. Em compensa\u00e7\u00e3o, quando o evento envolve convidados que v\u00eam de fora de S\u00e3o Paulo, a log\u00edstica pode ficar mais delicada. J\u00e1 as semanas pr\u00f3ximas a grandes eventos na cidade ou a per\u00edodos de alta demanda corporativa podem tornar a reserva mais competitiva.<\/p>\n<p>Se o seu principal crit\u00e9rio \u00e9 celebrar em um s\u00e1bado espec\u00edfico, n\u00e3o espere a defini\u00e7\u00e3o de todos os detalhes. Fa\u00e7a a consulta e avance na negocia\u00e7\u00e3o do espa\u00e7o primeiro. Elementos como tema, flores, lembran\u00e7as e at\u00e9 parte do card\u00e1pio podem ser ajustados depois. Data e local s\u00e3o a base sobre a qual o restante da produ\u00e7\u00e3o ser\u00e1 organizado.<\/p>\n<h2>O que definir antes de pedir um or\u00e7amento<\/h2>\n<p>Voc\u00ea n\u00e3o precisa chegar com um evento totalmente pronto para pedir um or\u00e7amento. Por\u00e9m, algumas informa\u00e7\u00f5es tornam o atendimento mais objetivo e ajudam a receber uma proposta adequada \u00e0 sua necessidade. Tenha em mente a data pretendida &#8211; ou duas ou tr\u00eas alternativas -, a estimativa de convidados e o prop\u00f3sito do encontro.<\/p>\n<p>Para uma festa de anivers\u00e1rio, tamb\u00e9m vale considerar o estilo da noite. Ser\u00e1 um jantar mais intimista, uma celebra\u00e7\u00e3o com pista de dan\u00e7a, um coquetel descontra\u00eddo ou uma experi\u00eancia que atravessa a madrugada? Para empresas, esclare\u00e7a se a prioridade \u00e9 integra\u00e7\u00e3o, conte\u00fado, reconhecimento da equipe, relacionamento com clientes ou networking. Esse contexto influencia a configura\u00e7\u00e3o do ambiente, o servi\u00e7o de alimentos e bebidas, o mobili\u00e1rio e o staff necess\u00e1rio.<\/p>\n<p>A estimativa de p\u00fablico n\u00e3o precisa ser definitiva na primeira conversa, mas deve ser realista. Um espa\u00e7o confort\u00e1vel para 50 pessoas pode n\u00e3o funcionar da mesma forma para 120 convidados, especialmente quando a programa\u00e7\u00e3o inclui palco, lounge, buffet, bar ou atividades de treinamento. Escolher pela capacidade adequada \u00e9 uma forma de proteger o conforto dos convidados e a fluidez da opera\u00e7\u00e3o.<\/p>\n<h2>Reservar cedo traz mais liberdade para personalizar<\/h2>\n<p>Anteced\u00eancia n\u00e3o serve apenas para garantir uma data. Ela abre espa\u00e7o para criar uma celebra\u00e7\u00e3o mais alinhada ao que voc\u00ea imaginou. Com tempo, \u00e9 poss\u00edvel discutir formatos de recep\u00e7\u00e3o, distribui\u00e7\u00e3o de mesas, hor\u00e1rio de servi\u00e7o, ritmo da programa\u00e7\u00e3o e fornecedores que contribuam para a proposta do evento.<\/p>\n<p>Em uma confraterniza\u00e7\u00e3o, por exemplo, a empresa pode querer um momento de fala da lideran\u00e7a, uma premia\u00e7\u00e3o e, depois, um happy hour mais leve. Em um anivers\u00e1rio adulto, o anfitri\u00e3o pode priorizar m\u00fasica, bar e uma atmosfera informal, sem perder o cuidado com a recep\u00e7\u00e3o. Quando a produ\u00e7\u00e3o come\u00e7a cedo, essas escolhas deixam de ser remendos de \u00faltima hora e passam a fazer parte de uma experi\u00eancia pensada por inteiro.<\/p>\n<p>Tamb\u00e9m h\u00e1 um benef\u00edcio financeiro e operacional. Com a data assegurada, voc\u00ea consegue organizar pagamentos, aprova\u00e7\u00f5es internas e convites com mais previsibilidade. Para empresas, isso facilita o alinhamento entre RH, marketing, lideran\u00e7a e financeiro. Para anfitri\u00f5es, evita a press\u00e3o de convidar pessoas sem ter certeza do local ou de reorganizar planos porque a capacidade dispon\u00edvel j\u00e1 n\u00e3o atende ao grupo.<\/p>\n<h2>E se a festa for em pouco tempo?<\/h2>\n<p>Nem todo evento nasce com meses de planejamento. Uma mudan\u00e7a de agenda, uma conquista da empresa, uma data de anivers\u00e1rio que se aproxima ou uma oportunidade de reunir pessoas queridas pode pedir uma produ\u00e7\u00e3o mais r\u00e1pida. Nesses casos, ainda vale consultar o espa\u00e7o o quanto antes, com objetividade e abertura para alternativas.<\/p>\n<p>Ter flexibilidade de dia e hor\u00e1rio faz diferen\u00e7a. Uma comemora\u00e7\u00e3o em uma quinta-feira, um almo\u00e7o de s\u00e1bado ou um happy hour no in\u00edcio da semana pode oferecer possibilidades que n\u00e3o existem em uma sexta \u00e0 noite. Reduzir a quantidade de fornecedores externos e optar por uma estrutura integrada tamb\u00e9m ajuda a acelerar decis\u00f5es sem comprometer a qualidade da entrega.<\/p>\n<p>O ponto \u00e9 n\u00e3o confundir agilidade com improviso. Mesmo em eventos de curto prazo, \u00e9 essencial alinhar n\u00famero de convidados, dura\u00e7\u00e3o, necessidades de alimenta\u00e7\u00e3o e bebida, acessibilidade, equipamentos e respons\u00e1veis pelas decis\u00f5es. Uma equipe experiente consegue orientar esse caminho, mas precisa receber informa\u00e7\u00f5es claras para montar uma solu\u00e7\u00e3o vi\u00e1vel.<\/p>\n<h2>Sinais de que voc\u00ea est\u00e1 esperando demais<\/h2>\n<p>Se a lista de convidados est\u00e1 crescendo, a data \u00e9 fixa e voc\u00ea ainda n\u00e3o consultou espa\u00e7os, \u00e9 hora de priorizar essa etapa. O mesmo vale quando a empresa j\u00e1 definiu uma <a href=\"https:\/\/octo.com.br\/blog\/a-importancia-de-um-bom-planejamento-para-a-festa-de-fim-de-ano-da-empresa\/\">confraterniza\u00e7\u00e3o de fim de ano<\/a>, mas ainda n\u00e3o aprovou o local. Quanto mais a decis\u00e3o avan\u00e7a sem uma reserva, maior a chance de a programa\u00e7\u00e3o precisar se adaptar \u00e0 disponibilidade encontrada.<\/p>\n<p>Outro sinal \u00e9 depender de uma \u00fanica op\u00e7\u00e3o. Ter prefer\u00eancia por um espa\u00e7o \u00e9 natural, especialmente quando localiza\u00e7\u00e3o, est\u00e9tica e estrutura atendem ao perfil do evento. Mas a melhor forma de aumentar as chances de realizar a festa como imaginada \u00e9 consultar com anteced\u00eancia e entender quais datas, formatos e capacidades fazem sentido.<\/p>\n<p>No Grupo Octo, espa\u00e7os pr\u00f3prios e uma opera\u00e7\u00e3o integrada permitem orientar desde a escolha do ambiente at\u00e9 os detalhes de buffet, bar, staff e montagem. Para anivers\u00e1rios adultos e <a href=\"https:\/\/octo.com.br\/blog\/7-vantagens-de-realizar-seu-evento-em-um-espaco-para-eventos\/\">eventos corporativos<\/a>, essa vis\u00e3o completa reduz pontos de contato e d\u00e1 mais clareza a quem precisa organizar uma ocasi\u00e3o importante.<\/p>\n<p>A melhor hora para reservar \u00e9 antes de a data virar uma urg\u00eancia. Ao solicitar um or\u00e7amento com uma previs\u00e3o de p\u00fablico e algumas op\u00e7\u00f5es de calend\u00e1rio, voc\u00ea transforma uma d\u00favida inicial em um plano concreto para receber bem e celebrar com tranquilidade.<\/p>\n","protected":false},"excerpt":{"rendered":"<p>Saiba com quanto tempo de anteced\u00eancia devo reservar o espa\u00e7o para a minha festa e planeje data, fornecedores e convidados com tranquilidade e clareza.<\/p>\n","protected":false},"author":0,"featured_media":3124,"comment_status":"open","ping_status":"open","sticky":false,"template":"","format":"standard","meta":{"footnotes":""},"categories":[1],"tags":[],"class_list":["post-3123","post","type-post","status-publish","format-standard","has-post-thumbnail","hentry","category-festas"],"yoast_head":"<!-- This site is optimized with the Yoast SEO plugin v28.3 - https:\/\/yoast.com\/product\/yoast-seo-wordpress\/ -->\n<title>Com Quanto Tempo Reservar o Espa\u00e7o da Festa? - Octo<\/title>\n<meta name=\"description\" content=\"Saiba com quanto tempo de anteced\u00eancia devo reservar o espa\u00e7o para a minha festa e planeje data, fornecedores e convidados com tranquilidade e clareza.\" \/>\n<meta name=\"robots\" content=\"index, follow, max-snippet:-1, max-image-preview:large, max-video-preview:-1\" \/>\n<link rel=\"canonical\" href=\"https:\/\/octo.com.br\/blog\/com-quanto-tempo-reservar-espaco-festa\/\" \/>\n<meta property=\"og:locale\" content=\"pt_BR\" \/>\n<meta property=\"og:type\" content=\"article\" \/>\n<meta property=\"og:title\" content=\"Com Quanto Tempo Reservar o Espa\u00e7o da Festa? - Octo\" \/>\n<meta property=\"og:description\" content=\"Saiba com quanto tempo de anteced\u00eancia devo reservar o espa\u00e7o para a minha festa e planeje data, fornecedores e convidados com tranquilidade e clareza.\" \/>\n<meta property=\"og:url\" content=\"https:\/\/octo.com.br\/blog\/com-quanto-tempo-reservar-espaco-festa\/\" \/>\n<meta property=\"og:site_name\" content=\"Octo\" \/>\n<meta property=\"article:publisher\" content=\"https:\/\/www.facebook.com\/OctoProducoes\" \/>\n<meta property=\"article:published_time\" content=\"2026-08-29T01:18:45+00:00\" \/>\n<meta name=\"twitter:card\" content=\"summary_large_image\" \/>\n<meta name=\"twitter:label1\" content=\"Est. tempo de leitura\" \/>\n\t<meta name=\"twitter:data1\" content=\"7 minutos\" \/>\n<script type=\"application\/ld+json\" class=\"yoast-schema-graph\">{\"@context\":\"https:\\\/\\\/schema.org\",\"@graph\":[{\"@type\":\"Article\",\"@id\":\"https:\\\/\\\/octo.com.br\\\/blog\\\/com-quanto-tempo-reservar-espaco-festa\\\/#article\",\"isPartOf\":{\"@id\":\"https:\\\/\\\/octo.com.br\\\/blog\\\/com-quanto-tempo-reservar-espaco-festa\\\/\"},\"author\":{\"name\":\"\",\"@id\":\"\"},\"headline\":\"Com Quanto Tempo Reservar o Espa\u00e7o da Festa?\",\"datePublished\":\"2026-08-29T01:18:45+00:00\",\"mainEntityOfPage\":{\"@id\":\"https:\\\/\\\/octo.com.br\\\/blog\\\/com-quanto-tempo-reservar-espaco-festa\\\/\"},\"wordCount\":1481,\"commentCount\":0,\"publisher\":{\"@id\":\"https:\\\/\\\/octo.com.br\\\/blog\\\/#organization\"},\"image\":{\"@id\":\"https:\\\/\\\/octo.com.br\\\/blog\\\/com-quanto-tempo-reservar-espaco-festa\\\/#primaryimage\"},\"thumbnailUrl\":\"http:\\\/\\\/octo.com.br\\\/blog\\\/wp-content\\\/uploads\\\/2026\\\/08\\\/com-quanto-tempo-reservar-o-espaco-da-festa-featured.webp\",\"articleSection\":[\"Festas\"],\"inLanguage\":\"pt-BR\",\"potentialAction\":[{\"@type\":\"CommentAction\",\"name\":\"Comment\",\"target\":[\"https:\\\/\\\/octo.com.br\\\/blog\\\/com-quanto-tempo-reservar-espaco-festa\\\/#respond\"]}]},{\"@type\":\"WebPage\",\"@id\":\"https:\\\/\\\/octo.com.br\\\/blog\\\/com-quanto-tempo-reservar-espaco-festa\\\/\",\"url\":\"https:\\\/\\\/octo.com.br\\\/blog\\\/com-quanto-tempo-reservar-espaco-festa\\\/\",\"name\":\"Com Quanto Tempo Reservar o Espa\u00e7o da Festa? - Octo\",\"isPartOf\":{\"@id\":\"https:\\\/\\\/octo.com.br\\\/blog\\\/#website\"},\"primaryImageOfPage\":{\"@id\":\"https:\\\/\\\/octo.com.br\\\/blog\\\/com-quanto-tempo-reservar-espaco-festa\\\/#primaryimage\"},\"image\":{\"@id\":\"https:\\\/\\\/octo.com.br\\\/blog\\\/com-quanto-tempo-reservar-espaco-festa\\\/#primaryimage\"},\"thumbnailUrl\":\"http:\\\/\\\/octo.com.br\\\/blog\\\/wp-content\\\/uploads\\\/2026\\\/08\\\/com-quanto-tempo-reservar-o-espaco-da-festa-featured.webp\",\"datePublished\":\"2026-08-29T01:18:45+00:00\",\"description\":\"Saiba com quanto tempo de anteced\u00eancia devo reservar o espa\u00e7o para a minha festa e planeje data, fornecedores e convidados com tranquilidade e clareza.\",\"breadcrumb\":{\"@id\":\"https:\\\/\\\/octo.com.br\\\/blog\\\/com-quanto-tempo-reservar-espaco-festa\\\/#breadcrumb\"},\"inLanguage\":\"pt-BR\",\"potentialAction\":[{\"@type\":\"ReadAction\",\"target\":[\"https:\\\/\\\/octo.com.br\\\/blog\\\/com-quanto-tempo-reservar-espaco-festa\\\/\"]}]},{\"@type\":\"ImageObject\",\"inLanguage\":\"pt-BR\",\"@id\":\"https:\\\/\\\/octo.com.br\\\/blog\\\/com-quanto-tempo-reservar-espaco-festa\\\/#primaryimage\",\"url\":\"http:\\\/\\\/octo.com.br\\\/blog\\\/wp-content\\\/uploads\\\/2026\\\/08\\\/com-quanto-tempo-reservar-o-espaco-da-festa-featured.webp\",\"contentUrl\":\"http:\\\/\\\/octo.com.br\\\/blog\\\/wp-content\\\/uploads\\\/2026\\\/08\\\/com-quanto-tempo-reservar-o-espaco-da-festa-featured.webp\",\"width\":1536,\"height\":1024,\"caption\":\"Com Quanto Tempo Reservar o Espa\u00e7o da Festa?\"},{\"@type\":\"BreadcrumbList\",\"@id\":\"https:\\\/\\\/octo.com.br\\\/blog\\\/com-quanto-tempo-reservar-espaco-festa\\\/#breadcrumb\",\"itemListElement\":[{\"@type\":\"ListItem\",\"position\":1,\"name\":\"Home\",\"item\":\"https:\\\/\\\/octo.com.br\\\/blog\\\/\"},{\"@type\":\"ListItem\",\"position\":2,\"name\":\"Com Quanto Tempo Reservar o Espa\u00e7o da Festa?\"}]},{\"@type\":\"WebSite\",\"@id\":\"https:\\\/\\\/octo.com.br\\\/blog\\\/#website\",\"url\":\"https:\\\/\\\/octo.com.br\\\/blog\\\/\",\"name\":\"Octo\",\"description\":\"A festa \u00e9 sua!\",\"publisher\":{\"@id\":\"https:\\\/\\\/octo.com.br\\\/blog\\\/#organization\"},\"potentialAction\":[{\"@type\":\"SearchAction\",\"target\":{\"@type\":\"EntryPoint\",\"urlTemplate\":\"https:\\\/\\\/octo.com.br\\\/blog\\\/?s={search_term_string}\"},\"query-input\":{\"@type\":\"PropertyValueSpecification\",\"valueRequired\":true,\"valueName\":\"search_term_string\"}}],\"inLanguage\":\"pt-BR\"},{\"@type\":\"Organization\",\"@id\":\"https:\\\/\\\/octo.com.br\\\/blog\\\/#organization\",\"name\":\"Octo Festas e Produ\u00e7\u00f5es\",\"url\":\"https:\\\/\\\/octo.com.br\\\/blog\\\/\",\"logo\":{\"@type\":\"ImageObject\",\"inLanguage\":\"pt-BR\",\"@id\":\"https:\\\/\\\/octo.com.br\\\/blog\\\/#\\\/schema\\\/logo\\\/image\\\/\",\"url\":\"https:\\\/\\\/octo.com.br\\\/blog\\\/wp-content\\\/uploads\\\/2022\\\/05\\\/logotipo-octo-festas-em-sao-paulo.png\",\"contentUrl\":\"https:\\\/\\\/octo.com.br\\\/blog\\\/wp-content\\\/uploads\\\/2022\\\/05\\\/logotipo-octo-festas-em-sao-paulo.png\",\"width\":319,\"height\":98,\"caption\":\"Octo Festas e Produ\u00e7\u00f5es\"},\"image\":{\"@id\":\"https:\\\/\\\/octo.com.br\\\/blog\\\/#\\\/schema\\\/logo\\\/image\\\/\"},\"sameAs\":[\"https:\\\/\\\/www.facebook.com\\\/OctoProducoes\",\"https:\\\/\\\/www.instagram.com\\\/octoproducoes\\\/\"]}]}<\/script>\n<!-- \/ Yoast SEO plugin. -->","yoast_head_json":{"title":"Com Quanto Tempo Reservar o Espa\u00e7o da Festa? - Octo","description":"Saiba com quanto tempo de anteced\u00eancia devo reservar o espa\u00e7o para a minha festa e planeje data, fornecedores e convidados com tranquilidade e clareza.","robots":{"index":"index","follow":"follow","max-snippet":"max-snippet:-1","max-image-preview":"max-image-preview:large","max-video-preview":"max-video-preview:-1"},"canonical":"https:\/\/octo.com.br\/blog\/com-quanto-tempo-reservar-espaco-festa\/","og_locale":"pt_BR","og_type":"article","og_title":"Com Quanto Tempo Reservar o Espa\u00e7o da Festa? - Octo","og_description":"Saiba com quanto tempo de anteced\u00eancia devo reservar o espa\u00e7o para a minha festa e planeje data, fornecedores e convidados com tranquilidade e clareza.","og_url":"https:\/\/octo.com.br\/blog\/com-quanto-tempo-reservar-espaco-festa\/","og_site_name":"Octo","article_publisher":"https:\/\/www.facebook.com\/OctoProducoes","article_published_time":"2026-08-29T01:18:45+00:00","twitter_card":"summary_large_image","twitter_misc":{"Est. tempo de leitura":"7 minutos"},"schema":{"@context":"https:\/\/schema.org","@graph":[{"@type":"Article","@id":"https:\/\/octo.com.br\/blog\/com-quanto-tempo-reservar-espaco-festa\/#article","isPartOf":{"@id":"https:\/\/octo.com.br\/blog\/com-quanto-tempo-reservar-espaco-festa\/"},"author":{"name":"","@id":""},"headline":"Com Quanto Tempo Reservar o Espa\u00e7o da Festa?","datePublished":"2026-08-29T01:18:45+00:00","mainEntityOfPage":{"@id":"https:\/\/octo.com.br\/blog\/com-quanto-tempo-reservar-espaco-festa\/"},"wordCount":1481,"commentCount":0,"publisher":{"@id":"https:\/\/octo.com.br\/blog\/#organization"},"image":{"@id":"https:\/\/octo.com.br\/blog\/com-quanto-tempo-reservar-espaco-festa\/#primaryimage"},"thumbnailUrl":"http:\/\/octo.com.br\/blog\/wp-content\/uploads\/2026\/08\/com-quanto-tempo-reservar-o-espaco-da-festa-featured.webp","articleSection":["Festas"],"inLanguage":"pt-BR","potentialAction":[{"@type":"CommentAction","name":"Comment","target":["https:\/\/octo.com.br\/blog\/com-quanto-tempo-reservar-espaco-festa\/#respond"]}]},{"@type":"WebPage","@id":"https:\/\/octo.com.br\/blog\/com-quanto-tempo-reservar-espaco-festa\/","url":"https:\/\/octo.com.br\/blog\/com-quanto-tempo-reservar-espaco-festa\/","name":"Com Quanto Tempo Reservar o Espa\u00e7o da Festa? - Octo","isPartOf":{"@id":"https:\/\/octo.com.br\/blog\/#website"},"primaryImageOfPage":{"@id":"https:\/\/octo.com.br\/blog\/com-quanto-tempo-reservar-espaco-festa\/#primaryimage"},"image":{"@id":"https:\/\/octo.com.br\/blog\/com-quanto-tempo-reservar-espaco-festa\/#primaryimage"},"thumbnailUrl":"http:\/\/octo.com.br\/blog\/wp-content\/uploads\/2026\/08\/com-quanto-tempo-reservar-o-espaco-da-festa-featured.webp","datePublished":"2026-08-29T01:18:45+00:00","description":"Saiba com quanto tempo de anteced\u00eancia devo reservar o espa\u00e7o para a minha festa e planeje data, fornecedores e convidados com tranquilidade e clareza.","breadcrumb":{"@id":"https:\/\/octo.com.br\/blog\/com-quanto-tempo-reservar-espaco-festa\/#breadcrumb"},"inLanguage":"pt-BR","potentialAction":[{"@type":"ReadAction","target":["https:\/\/octo.com.br\/blog\/com-quanto-tempo-reservar-espaco-festa\/"]}]},{"@type":"ImageObject","inLanguage":"pt-BR","@id":"https:\/\/octo.com.br\/blog\/com-quanto-tempo-reservar-espaco-festa\/#primaryimage","url":"http:\/\/octo.com.br\/blog\/wp-content\/uploads\/2026\/08\/com-quanto-tempo-reservar-o-espaco-da-festa-featured.webp","contentUrl":"http:\/\/octo.com.br\/blog\/wp-content\/uploads\/2026\/08\/com-quanto-tempo-reservar-o-espaco-da-festa-featured.webp","width":1536,"height":1024,"caption":"Com Quanto Tempo Reservar o Espa\u00e7o da Festa?"},{"@type":"BreadcrumbList","@id":"https:\/\/octo.com.br\/blog\/com-quanto-tempo-reservar-espaco-festa\/#breadcrumb","itemListElement":[{"@type":"ListItem","position":1,"name":"Home","item":"https:\/\/octo.com.br\/blog\/"},{"@type":"ListItem","position":2,"name":"Com Quanto Tempo Reservar o Espa\u00e7o da Festa?"}]},{"@type":"WebSite","@id":"https:\/\/octo.com.br\/blog\/#website","url":"https:\/\/octo.com.br\/blog\/","name":"Octo","description":"A festa \u00e9 sua!","publisher":{"@id":"https:\/\/octo.com.br\/blog\/#organization"},"potentialAction":[{"@type":"SearchAction","target":{"@type":"EntryPoint","urlTemplate":"https:\/\/octo.com.br\/blog\/?s={search_term_string}"},"query-input":{"@type":"PropertyValueSpecification","valueRequired":true,"valueName":"search_term_string"}}],"inLanguage":"pt-BR"},{"@type":"Organization","@id":"https:\/\/octo.com.br\/blog\/#organization","name":"Octo Festas e Produ\u00e7\u00f5es","url":"https:\/\/octo.com.br\/blog\/","logo":{"@type":"ImageObject","inLanguage":"pt-BR","@id":"https:\/\/octo.com.br\/blog\/#\/schema\/logo\/image\/","url":"https:\/\/octo.com.br\/blog\/wp-content\/uploads\/2022\/05\/logotipo-octo-festas-em-sao-paulo.png","contentUrl":"https:\/\/octo.com.br\/blog\/wp-content\/uploads\/2022\/05\/logotipo-octo-festas-em-sao-paulo.png","width":319,"height":98,"caption":"Octo Festas e Produ\u00e7\u00f5es"},"image":{"@id":"https:\/\/octo.com.br\/blog\/#\/schema\/logo\/image\/"},"sameAs":["https:\/\/www.facebook.com\/OctoProducoes","https:\/\/www.instagram.com\/octoproducoes\/"]}]}},"_links":{"self":[{"href":"http:\/\/octo.com.br\/blog\/wp-json\/wp\/v2\/posts\/3123","targetHints":{"allow":["GET"]}}],"collection":[{"href":"http:\/\/octo.com.br\/blog\/wp-json\/wp\/v2\/posts"}],"about":[{"href":"http:\/\/octo.com.br\/blog\/wp-json\/wp\/v2\/types\/post"}],"replies":[{"embeddable":true,"href":"http:\/\/octo.com.br\/blog\/wp-json\/wp\/v2\/comments?post=3123"}],"version-history":[{"count":0,"href":"http:\/\/octo.com.br\/blog\/wp-json\/wp\/v2\/posts\/3123\/revisions"}],"wp:featuredmedia":[{"embeddable":true,"href":"http:\/\/octo.com.br\/blog\/wp-json\/wp\/v2\/media\/3124"}],"wp:attachment":[{"href":"http:\/\/octo.com.br\/blog\/wp-json\/wp\/v2\/media?parent=3123"}],"wp:term":[{"taxonomy":"category","embeddable":true,"href":"http:\/\/octo.com.br\/blog\/wp-json\/wp\/v2\/categories?post=3123"},{"taxonomy":"post_tag","embeddable":true,"href":"http:\/\/octo.com.br\/blog\/wp-json\/wp\/v2\/tags?post=3123"}],"curies":[{"name":"wp","href":"https:\/\/api.w.org\/{rel}","templated":true}]}}