{"id":3135,"date":"2026-09-03T22:13:00","date_gmt":"2026-09-04T01:13:00","guid":{"rendered":"https:\/\/octo.com.br\/blog\/case-cafe-corporativo-executivo\/"},"modified":"2026-09-03T22:13:00","modified_gmt":"2026-09-04T01:13:00","slug":"case-cafe-corporativo-executivo","status":"publish","type":"post","link":"http:\/\/octo.com.br\/blog\/case-cafe-corporativo-executivo\/","title":{"rendered":"Case de caf\u00e9 corporativo executivo em S\u00e3o Paulo"},"content":{"rendered":"<p>Uma reuni\u00e3o com clientes estrat\u00e9gicos, uma apresenta\u00e7\u00e3o de resultados ou o encontro de lideran\u00e7as ganha outra dimens\u00e3o quando a recep\u00e7\u00e3o \u00e9 bem planejada. Um <strong>case de caf\u00e9 corporativo executivo<\/strong> n\u00e3o se resume a servir caf\u00e9 e itens de padaria: ele cria o primeiro sinal de cuidado, organiza\u00e7\u00e3o e profissionalismo para quem chega.<\/p>\n<p>Para empresas, esse tipo de encontro precisa funcionar com discri\u00e7\u00e3o e precis\u00e3o. Os convidados devem encontrar um ambiente agrad\u00e1vel, alimenta\u00e7\u00e3o bem apresentada, hor\u00e1rios respeitados e uma estrutura que favore\u00e7a conversas relevantes. Quando esses pontos est\u00e3o alinhados, o caf\u00e9 deixa de ser apenas uma pausa e passa a apoiar o objetivo do evento.<\/p>\n<h2>O que caracteriza um caf\u00e9 corporativo executivo<\/h2>\n<p>O caf\u00e9 corporativo executivo \u00e9 indicado para encontros menores ou de porte intermedi\u00e1rio que exigem uma experi\u00eancia mais qualificada. Pode anteceder uma reuni\u00e3o de conselho, um treinamento, uma rodada de neg\u00f3cios, uma apresenta\u00e7\u00e3o comercial, um workshop ou um encontro de relacionamento com parceiros.<\/p>\n<p>A diferen\u00e7a est\u00e1 na inten\u00e7\u00e3o. Em vez de uma mesa montada sem planejamento, a produ\u00e7\u00e3o considera o perfil dos convidados, o hor\u00e1rio do evento, o fluxo de chegada e o tempo dispon\u00edvel para intera\u00e7\u00e3o. Em uma reuni\u00e3o de duas horas, por exemplo, o caf\u00e9 precisa estar pronto antes da recep\u00e7\u00e3o e permanecer organizado sem interromper a din\u00e2mica do conte\u00fado.<\/p>\n<p>Tamb\u00e9m \u00e9 necess\u00e1rio pensar no tom do encontro. Uma empresa que recebe clientes para apresentar uma novidade pode priorizar uma montagem elegante e acolhedora. J\u00e1 um treinamento para gestores pode pedir praticidade, op\u00e7\u00f5es f\u00e1ceis de consumir e uma disposi\u00e7\u00e3o que permita intervalos r\u00e1pidos. N\u00e3o existe uma f\u00f3rmula \u00fanica: o melhor formato \u00e9 aquele que facilita a agenda e representa bem a empresa anfitri\u00e3.<\/p>\n<h2>Como o espa\u00e7o influencia a experi\u00eancia dos convidados<\/h2>\n<p>A escolha do local \u00e9 uma decis\u00e3o operacional e de imagem. Um caf\u00e9 executivo em uma sala improvisada ou em um ambiente com circula\u00e7\u00e3o confusa pode comprometer at\u00e9 mesmo um conte\u00fado bem preparado. Os convidados percebem quando faltam conforto, privacidade e organiza\u00e7\u00e3o na recep\u00e7\u00e3o.<\/p>\n<p>Um <a href=\"https:\/\/octo.com.br\/blog\/7-vantagens-de-realizar-seu-evento-em-um-espaco-para-eventos\/\">espa\u00e7o exclusivo<\/a> permite controlar a disposi\u00e7\u00e3o das mesas, criar uma \u00e1rea adequada para o buffet e definir locais para credenciamento, apresenta\u00e7\u00f5es e conversas mais reservadas. A proximidade entre esses pontos importa. Se os participantes precisam se deslocar demais para se servir ou se a mesa de caf\u00e9 interfere no acesso \u00e0 sala principal, o encontro perde fluidez.<\/p>\n<p>Em bairros como Pinheiros e Vila Madalena, a localiza\u00e7\u00e3o tamb\u00e9m pode favorecer a presen\u00e7a de executivos, clientes e equipes que circulam pela zona oeste de S\u00e3o Paulo. Mas endere\u00e7o, por si s\u00f3, n\u00e3o resolve a produ\u00e7\u00e3o. \u00c9 preciso que o espa\u00e7o tenha infraestrutura compat\u00edvel com a proposta, equipe preparada e flexibilidade para adaptar o evento ao n\u00famero de participantes.<\/p>\n<h3>Conforto sem excesso de formalidade<\/h3>\n<p>Um ambiente executivo n\u00e3o precisa ser frio. Poltronas, mesas de apoio, ilumina\u00e7\u00e3o agrad\u00e1vel e uma montagem visualmente limpa ajudam a deixar os convidados \u00e0 vontade sem tirar a seriedade da reuni\u00e3o. O equil\u00edbrio \u00e9 essencial: uma decora\u00e7\u00e3o exagerada pode dispersar a aten\u00e7\u00e3o, enquanto uma produ\u00e7\u00e3o simples demais pode transmitir improviso.<\/p>\n<p>O mesmo vale para a m\u00fasica e para o servi\u00e7o. Em encontros voltados a networking, uma trilha discreta na recep\u00e7\u00e3o pode colaborar com o clima. J\u00e1 em uma manh\u00e3 de treinamento ou em uma reuni\u00e3o que come\u00e7a cedo, o sil\u00eancio e a agilidade da opera\u00e7\u00e3o tendem a ser mais valiosos.<\/p>\n<h2>Buffet: variedade com apresenta\u00e7\u00e3o e ritmo<\/h2>\n<p>O card\u00e1pio de um caf\u00e9 corporativo executivo deve ser pensado para o hor\u00e1rio e para o p\u00fablico. Pela manh\u00e3, caf\u00e9s, ch\u00e1s, sucos, frutas, p\u00e3es, bolos, op\u00e7\u00f5es salgadas e itens leves costumam atender bem. Dependendo da dura\u00e7\u00e3o do evento, vale incluir escolhas mais substanciais, especialmente se o encontro avan\u00e7ar at\u00e9 o almo\u00e7o.<\/p>\n<p>A qualidade dos ingredientes importa, mas a apresenta\u00e7\u00e3o tamb\u00e9m. Uma <a href=\"https:\/\/octo.com.br\/blog\/buffet-de-evento-perfeito\/\">mesa bem montada<\/a> comunica aten\u00e7\u00e3o aos detalhes e torna a experi\u00eancia mais convidativa. Ao mesmo tempo, \u00e9 recomend\u00e1vel evitar excessos que gerem desperd\u00edcio ou dificultem o servi\u00e7o. O buffet precisa parecer generoso, sem ficar desorganizado ao longo do evento.<\/p>\n<p>Restri\u00e7\u00f5es alimentares merecem aten\u00e7\u00e3o desde o briefing. Op\u00e7\u00f5es vegetarianas, veganas, sem lactose ou sem gl\u00faten devem ser avaliadas conforme a lista de convidados. N\u00e3o \u00e9 necess\u00e1rio transformar o card\u00e1pio em uma cole\u00e7\u00e3o de itens desconectados, mas prever alternativas demonstra cuidado e evita situa\u00e7\u00f5es desconfort\u00e1veis.<\/p>\n<p>Outro ponto relevante \u00e9 a reposi\u00e7\u00e3o. Em um evento executivo, uma mesa vazia no meio da recep\u00e7\u00e3o \u00e9 um ru\u00eddo vis\u00edvel. Uma equipe de apoio atenta mant\u00e9m bebidas, lou\u00e7as e alimentos em ordem, permitindo que a empresa anfitri\u00e3 se concentre nas conversas e no conte\u00fado do encontro.<\/p>\n<h2>Planejamento que reduz riscos no dia do evento<\/h2>\n<p>A produ\u00e7\u00e3o come\u00e7a antes da montagem. Um bom briefing define o objetivo da reuni\u00e3o, n\u00famero estimado de participantes, hor\u00e1rio de chegada, programa\u00e7\u00e3o, perfil do p\u00fablico e necessidades de estrutura. Essas informa\u00e7\u00f5es orientam decis\u00f5es sobre capacidade, layout, buffet, staff e recursos audiovisuais.<\/p>\n<p>Se haver\u00e1 apresenta\u00e7\u00f5es, por exemplo, tela, proje\u00e7\u00e3o, som e mobili\u00e1rio devem ser testados com anteced\u00eancia. Se o foco for relacionamento, o layout pode valorizar pequenas rodas de conversa e mesas de apoio. Para treinamentos, cadeiras confort\u00e1veis, visibilidade para todos e pausas programadas s\u00e3o pontos que fazem diferen\u00e7a na perman\u00eancia e no engajamento da equipe.<\/p>\n<p>A agenda tamb\u00e9m precisa ser realista. Marcar o in\u00edcio \u00e0s 8h n\u00e3o significa que todos estar\u00e3o prontos para a reuni\u00e3o nesse mesmo minuto. Uma recep\u00e7\u00e3o de 20 a 30 minutos permite acolher os participantes, acomodar atrasos pontuais e dar in\u00edcio ao conte\u00fado com mais tranquilidade. Em encontros com convidados externos, essa margem \u00e9 especialmente \u00fatil.<\/p>\n<h3>Atendimento pr\u00f3ximo faz parte da entrega<\/h3>\n<p>Quem organiza um evento corporativo costuma lidar com diversas demandas internas e pouco tempo para resolver imprevistos. Por isso, contar com um atendimento consultivo reduz a carga de decis\u00e3o e traz mais seguran\u00e7a. A equipe deve ajudar a transformar a necessidade da empresa em uma produ\u00e7\u00e3o vi\u00e1vel, sem prometer formatos que n\u00e3o cabem no espa\u00e7o ou no cronograma.<\/p>\n<p>No Grupo Octo, a <a href=\"https:\/\/octo.com.br\/blog\/beneficios-espaco-operacao-integrada\/\">opera\u00e7\u00e3o integrada<\/a> permite reunir espa\u00e7o, buffet, bar, staff e suporte de produ\u00e7\u00e3o em uma mesma entrega. Isso simplifica a coordena\u00e7\u00e3o e evita que a empresa precise administrar fornecedores separados no dia do evento. Para reuni\u00f5es executivas, em que cada detalhe refor\u00e7a a percep\u00e7\u00e3o de marca, essa centraliza\u00e7\u00e3o faz diferen\u00e7a.<\/p>\n<h2>Quando vale investir em um formato mais completo<\/h2>\n<p>Nem todo caf\u00e9 corporativo precisa de uma grande produ\u00e7\u00e3o. Para uma reuni\u00e3o interna breve, uma montagem funcional pode ser suficiente. Por\u00e9m, quando h\u00e1 clientes, parceiros, lideran\u00e7as ou um tema estrat\u00e9gico em pauta, investir em espa\u00e7o exclusivo, servi\u00e7o qualificado e uma experi\u00eancia bem conduzida \u00e9 uma escolha coerente.<\/p>\n<p>O retorno aparece na percep\u00e7\u00e3o dos convidados e na tranquilidade de quem organiza. Um encontro que come\u00e7a com recep\u00e7\u00e3o atenciosa, caf\u00e9 bem servido e estrutura pronta cria condi\u00e7\u00f5es melhores para conversas produtivas. Tamb\u00e9m demonstra respeito pelo tempo de cada participante, um gesto simples que tem peso no ambiente corporativo.<\/p>\n<p>Antes de solicitar um or\u00e7amento, tenha em m\u00e3os a data desejada, quantidade aproximada de convidados, per\u00edodo do evento e objetivo principal. Com essas informa\u00e7\u00f5es, fica mais f\u00e1cil desenhar um case de caf\u00e9 corporativo executivo que una hospitalidade, efici\u00eancia e uma presen\u00e7a \u00e0 altura da sua empresa. O melhor encontro \u00e9 aquele em que tudo funciona com naturalidade e deixa espa\u00e7o para o que realmente importa: rela\u00e7\u00f5es, ideias e decis\u00f5es que movem o neg\u00f3cio.<\/p>\n","protected":false},"excerpt":{"rendered":"<p>Planeje um case de caf\u00e9 corporativo executivo com espa\u00e7o, buffet e opera\u00e7\u00e3o preparada para receber l\u00edderes, clientes e equipes em S\u00e3o Paulo, com conforto.<\/p>\n","protected":false},"author":0,"featured_media":3136,"comment_status":"open","ping_status":"open","sticky":false,"template":"","format":"standard","meta":{"footnotes":""},"categories":[1],"tags":[],"class_list":["post-3135","post","type-post","status-publish","format-standard","has-post-thumbnail","hentry","category-festas"],"yoast_head":"<!-- This site is optimized with the Yoast SEO plugin v28.3 - https:\/\/yoast.com\/product\/yoast-seo-wordpress\/ -->\n<title>Case de caf\u00e9 corporativo executivo em S\u00e3o Paulo - Octo<\/title>\n<meta name=\"description\" content=\"Planeje um case de caf\u00e9 corporativo executivo com espa\u00e7o, buffet e opera\u00e7\u00e3o preparada para receber l\u00edderes, clientes e equipes em S\u00e3o Paulo, com conforto.\" \/>\n<meta name=\"robots\" content=\"index, follow, max-snippet:-1, max-image-preview:large, max-video-preview:-1\" \/>\n<link rel=\"canonical\" href=\"https:\/\/octo.com.br\/blog\/case-cafe-corporativo-executivo\/\" \/>\n<meta property=\"og:locale\" content=\"pt_BR\" \/>\n<meta property=\"og:type\" content=\"article\" \/>\n<meta property=\"og:title\" content=\"Case de caf\u00e9 corporativo executivo em S\u00e3o Paulo - Octo\" \/>\n<meta property=\"og:description\" content=\"Planeje um case de caf\u00e9 corporativo executivo com espa\u00e7o, buffet e opera\u00e7\u00e3o preparada para receber l\u00edderes, clientes e equipes em S\u00e3o Paulo, com conforto.\" \/>\n<meta property=\"og:url\" content=\"https:\/\/octo.com.br\/blog\/case-cafe-corporativo-executivo\/\" \/>\n<meta property=\"og:site_name\" content=\"Octo\" \/>\n<meta property=\"article:publisher\" content=\"https:\/\/www.facebook.com\/OctoProducoes\" \/>\n<meta property=\"article:published_time\" content=\"2026-09-04T01:13:00+00:00\" \/>\n<meta name=\"twitter:card\" content=\"summary_large_image\" \/>\n<meta name=\"twitter:label1\" content=\"Est. tempo de leitura\" \/>\n\t<meta name=\"twitter:data1\" content=\"7 minutos\" \/>\n<script type=\"application\/ld+json\" class=\"yoast-schema-graph\">{\"@context\":\"https:\\\/\\\/schema.org\",\"@graph\":[{\"@type\":\"Article\",\"@id\":\"https:\\\/\\\/octo.com.br\\\/blog\\\/case-cafe-corporativo-executivo\\\/#article\",\"isPartOf\":{\"@id\":\"https:\\\/\\\/octo.com.br\\\/blog\\\/case-cafe-corporativo-executivo\\\/\"},\"author\":{\"name\":\"\",\"@id\":\"\"},\"headline\":\"Case de caf\u00e9 corporativo executivo em S\u00e3o Paulo\",\"datePublished\":\"2026-09-04T01:13:00+00:00\",\"mainEntityOfPage\":{\"@id\":\"https:\\\/\\\/octo.com.br\\\/blog\\\/case-cafe-corporativo-executivo\\\/\"},\"wordCount\":1362,\"commentCount\":0,\"publisher\":{\"@id\":\"https:\\\/\\\/octo.com.br\\\/blog\\\/#organization\"},\"image\":{\"@id\":\"https:\\\/\\\/octo.com.br\\\/blog\\\/case-cafe-corporativo-executivo\\\/#primaryimage\"},\"thumbnailUrl\":\"http:\\\/\\\/octo.com.br\\\/blog\\\/wp-content\\\/uploads\\\/2026\\\/09\\\/case-de-cafe-corporativo-executivo-em-sao-paulo-featured.webp\",\"articleSection\":[\"Festas\"],\"inLanguage\":\"pt-BR\",\"potentialAction\":[{\"@type\":\"CommentAction\",\"name\":\"Comment\",\"target\":[\"https:\\\/\\\/octo.com.br\\\/blog\\\/case-cafe-corporativo-executivo\\\/#respond\"]}]},{\"@type\":\"WebPage\",\"@id\":\"https:\\\/\\\/octo.com.br\\\/blog\\\/case-cafe-corporativo-executivo\\\/\",\"url\":\"https:\\\/\\\/octo.com.br\\\/blog\\\/case-cafe-corporativo-executivo\\\/\",\"name\":\"Case de caf\u00e9 corporativo executivo em S\u00e3o Paulo - Octo\",\"isPartOf\":{\"@id\":\"https:\\\/\\\/octo.com.br\\\/blog\\\/#website\"},\"primaryImageOfPage\":{\"@id\":\"https:\\\/\\\/octo.com.br\\\/blog\\\/case-cafe-corporativo-executivo\\\/#primaryimage\"},\"image\":{\"@id\":\"https:\\\/\\\/octo.com.br\\\/blog\\\/case-cafe-corporativo-executivo\\\/#primaryimage\"},\"thumbnailUrl\":\"http:\\\/\\\/octo.com.br\\\/blog\\\/wp-content\\\/uploads\\\/2026\\\/09\\\/case-de-cafe-corporativo-executivo-em-sao-paulo-featured.webp\",\"datePublished\":\"2026-09-04T01:13:00+00:00\",\"description\":\"Planeje um case de caf\u00e9 corporativo executivo com espa\u00e7o, buffet e opera\u00e7\u00e3o preparada para receber l\u00edderes, clientes e equipes em S\u00e3o Paulo, com conforto.\",\"breadcrumb\":{\"@id\":\"https:\\\/\\\/octo.com.br\\\/blog\\\/case-cafe-corporativo-executivo\\\/#breadcrumb\"},\"inLanguage\":\"pt-BR\",\"potentialAction\":[{\"@type\":\"ReadAction\",\"target\":[\"https:\\\/\\\/octo.com.br\\\/blog\\\/case-cafe-corporativo-executivo\\\/\"]}]},{\"@type\":\"ImageObject\",\"inLanguage\":\"pt-BR\",\"@id\":\"https:\\\/\\\/octo.com.br\\\/blog\\\/case-cafe-corporativo-executivo\\\/#primaryimage\",\"url\":\"http:\\\/\\\/octo.com.br\\\/blog\\\/wp-content\\\/uploads\\\/2026\\\/09\\\/case-de-cafe-corporativo-executivo-em-sao-paulo-featured.webp\",\"contentUrl\":\"http:\\\/\\\/octo.com.br\\\/blog\\\/wp-content\\\/uploads\\\/2026\\\/09\\\/case-de-cafe-corporativo-executivo-em-sao-paulo-featured.webp\",\"width\":1536,\"height\":1024,\"caption\":\"Case de caf\u00e9 corporativo executivo em S\u00e3o Paulo\"},{\"@type\":\"BreadcrumbList\",\"@id\":\"https:\\\/\\\/octo.com.br\\\/blog\\\/case-cafe-corporativo-executivo\\\/#breadcrumb\",\"itemListElement\":[{\"@type\":\"ListItem\",\"position\":1,\"name\":\"Home\",\"item\":\"https:\\\/\\\/octo.com.br\\\/blog\\\/\"},{\"@type\":\"ListItem\",\"position\":2,\"name\":\"Case de caf\u00e9 corporativo executivo em S\u00e3o Paulo\"}]},{\"@type\":\"WebSite\",\"@id\":\"https:\\\/\\\/octo.com.br\\\/blog\\\/#website\",\"url\":\"https:\\\/\\\/octo.com.br\\\/blog\\\/\",\"name\":\"Octo\",\"description\":\"A festa \u00e9 sua!\",\"publisher\":{\"@id\":\"https:\\\/\\\/octo.com.br\\\/blog\\\/#organization\"},\"potentialAction\":[{\"@type\":\"SearchAction\",\"target\":{\"@type\":\"EntryPoint\",\"urlTemplate\":\"https:\\\/\\\/octo.com.br\\\/blog\\\/?s={search_term_string}\"},\"query-input\":{\"@type\":\"PropertyValueSpecification\",\"valueRequired\":true,\"valueName\":\"search_term_string\"}}],\"inLanguage\":\"pt-BR\"},{\"@type\":\"Organization\",\"@id\":\"https:\\\/\\\/octo.com.br\\\/blog\\\/#organization\",\"name\":\"Octo Festas e Produ\u00e7\u00f5es\",\"url\":\"https:\\\/\\\/octo.com.br\\\/blog\\\/\",\"logo\":{\"@type\":\"ImageObject\",\"inLanguage\":\"pt-BR\",\"@id\":\"https:\\\/\\\/octo.com.br\\\/blog\\\/#\\\/schema\\\/logo\\\/image\\\/\",\"url\":\"https:\\\/\\\/octo.com.br\\\/blog\\\/wp-content\\\/uploads\\\/2022\\\/05\\\/logotipo-octo-festas-em-sao-paulo.png\",\"contentUrl\":\"https:\\\/\\\/octo.com.br\\\/blog\\\/wp-content\\\/uploads\\\/2022\\\/05\\\/logotipo-octo-festas-em-sao-paulo.png\",\"width\":319,\"height\":98,\"caption\":\"Octo Festas e Produ\u00e7\u00f5es\"},\"image\":{\"@id\":\"https:\\\/\\\/octo.com.br\\\/blog\\\/#\\\/schema\\\/logo\\\/image\\\/\"},\"sameAs\":[\"https:\\\/\\\/www.facebook.com\\\/OctoProducoes\",\"https:\\\/\\\/www.instagram.com\\\/octoproducoes\\\/\"]}]}<\/script>\n<!-- \/ Yoast SEO plugin. -->","yoast_head_json":{"title":"Case de caf\u00e9 corporativo executivo em S\u00e3o Paulo - Octo","description":"Planeje um case de caf\u00e9 corporativo executivo com espa\u00e7o, buffet e opera\u00e7\u00e3o preparada para receber l\u00edderes, clientes e equipes em S\u00e3o Paulo, com conforto.","robots":{"index":"index","follow":"follow","max-snippet":"max-snippet:-1","max-image-preview":"max-image-preview:large","max-video-preview":"max-video-preview:-1"},"canonical":"https:\/\/octo.com.br\/blog\/case-cafe-corporativo-executivo\/","og_locale":"pt_BR","og_type":"article","og_title":"Case de caf\u00e9 corporativo executivo em S\u00e3o Paulo - Octo","og_description":"Planeje um case de caf\u00e9 corporativo executivo com espa\u00e7o, buffet e opera\u00e7\u00e3o preparada para receber l\u00edderes, clientes e equipes em S\u00e3o Paulo, com conforto.","og_url":"https:\/\/octo.com.br\/blog\/case-cafe-corporativo-executivo\/","og_site_name":"Octo","article_publisher":"https:\/\/www.facebook.com\/OctoProducoes","article_published_time":"2026-09-04T01:13:00+00:00","twitter_card":"summary_large_image","twitter_misc":{"Est. tempo de leitura":"7 minutos"},"schema":{"@context":"https:\/\/schema.org","@graph":[{"@type":"Article","@id":"https:\/\/octo.com.br\/blog\/case-cafe-corporativo-executivo\/#article","isPartOf":{"@id":"https:\/\/octo.com.br\/blog\/case-cafe-corporativo-executivo\/"},"author":{"name":"","@id":""},"headline":"Case de caf\u00e9 corporativo executivo em S\u00e3o Paulo","datePublished":"2026-09-04T01:13:00+00:00","mainEntityOfPage":{"@id":"https:\/\/octo.com.br\/blog\/case-cafe-corporativo-executivo\/"},"wordCount":1362,"commentCount":0,"publisher":{"@id":"https:\/\/octo.com.br\/blog\/#organization"},"image":{"@id":"https:\/\/octo.com.br\/blog\/case-cafe-corporativo-executivo\/#primaryimage"},"thumbnailUrl":"http:\/\/octo.com.br\/blog\/wp-content\/uploads\/2026\/09\/case-de-cafe-corporativo-executivo-em-sao-paulo-featured.webp","articleSection":["Festas"],"inLanguage":"pt-BR","potentialAction":[{"@type":"CommentAction","name":"Comment","target":["https:\/\/octo.com.br\/blog\/case-cafe-corporativo-executivo\/#respond"]}]},{"@type":"WebPage","@id":"https:\/\/octo.com.br\/blog\/case-cafe-corporativo-executivo\/","url":"https:\/\/octo.com.br\/blog\/case-cafe-corporativo-executivo\/","name":"Case de caf\u00e9 corporativo executivo em S\u00e3o Paulo - Octo","isPartOf":{"@id":"https:\/\/octo.com.br\/blog\/#website"},"primaryImageOfPage":{"@id":"https:\/\/octo.com.br\/blog\/case-cafe-corporativo-executivo\/#primaryimage"},"image":{"@id":"https:\/\/octo.com.br\/blog\/case-cafe-corporativo-executivo\/#primaryimage"},"thumbnailUrl":"http:\/\/octo.com.br\/blog\/wp-content\/uploads\/2026\/09\/case-de-cafe-corporativo-executivo-em-sao-paulo-featured.webp","datePublished":"2026-09-04T01:13:00+00:00","description":"Planeje um case de caf\u00e9 corporativo executivo com espa\u00e7o, buffet e opera\u00e7\u00e3o preparada para receber l\u00edderes, clientes e equipes em S\u00e3o Paulo, com conforto.","breadcrumb":{"@id":"https:\/\/octo.com.br\/blog\/case-cafe-corporativo-executivo\/#breadcrumb"},"inLanguage":"pt-BR","potentialAction":[{"@type":"ReadAction","target":["https:\/\/octo.com.br\/blog\/case-cafe-corporativo-executivo\/"]}]},{"@type":"ImageObject","inLanguage":"pt-BR","@id":"https:\/\/octo.com.br\/blog\/case-cafe-corporativo-executivo\/#primaryimage","url":"http:\/\/octo.com.br\/blog\/wp-content\/uploads\/2026\/09\/case-de-cafe-corporativo-executivo-em-sao-paulo-featured.webp","contentUrl":"http:\/\/octo.com.br\/blog\/wp-content\/uploads\/2026\/09\/case-de-cafe-corporativo-executivo-em-sao-paulo-featured.webp","width":1536,"height":1024,"caption":"Case de caf\u00e9 corporativo executivo em S\u00e3o Paulo"},{"@type":"BreadcrumbList","@id":"https:\/\/octo.com.br\/blog\/case-cafe-corporativo-executivo\/#breadcrumb","itemListElement":[{"@type":"ListItem","position":1,"name":"Home","item":"https:\/\/octo.com.br\/blog\/"},{"@type":"ListItem","position":2,"name":"Case de caf\u00e9 corporativo executivo em S\u00e3o Paulo"}]},{"@type":"WebSite","@id":"https:\/\/octo.com.br\/blog\/#website","url":"https:\/\/octo.com.br\/blog\/","name":"Octo","description":"A festa \u00e9 sua!","publisher":{"@id":"https:\/\/octo.com.br\/blog\/#organization"},"potentialAction":[{"@type":"SearchAction","target":{"@type":"EntryPoint","urlTemplate":"https:\/\/octo.com.br\/blog\/?s={search_term_string}"},"query-input":{"@type":"PropertyValueSpecification","valueRequired":true,"valueName":"search_term_string"}}],"inLanguage":"pt-BR"},{"@type":"Organization","@id":"https:\/\/octo.com.br\/blog\/#organization","name":"Octo Festas e Produ\u00e7\u00f5es","url":"https:\/\/octo.com.br\/blog\/","logo":{"@type":"ImageObject","inLanguage":"pt-BR","@id":"https:\/\/octo.com.br\/blog\/#\/schema\/logo\/image\/","url":"https:\/\/octo.com.br\/blog\/wp-content\/uploads\/2022\/05\/logotipo-octo-festas-em-sao-paulo.png","contentUrl":"https:\/\/octo.com.br\/blog\/wp-content\/uploads\/2022\/05\/logotipo-octo-festas-em-sao-paulo.png","width":319,"height":98,"caption":"Octo Festas e Produ\u00e7\u00f5es"},"image":{"@id":"https:\/\/octo.com.br\/blog\/#\/schema\/logo\/image\/"},"sameAs":["https:\/\/www.facebook.com\/OctoProducoes","https:\/\/www.instagram.com\/octoproducoes\/"]}]}},"_links":{"self":[{"href":"http:\/\/octo.com.br\/blog\/wp-json\/wp\/v2\/posts\/3135","targetHints":{"allow":["GET"]}}],"collection":[{"href":"http:\/\/octo.com.br\/blog\/wp-json\/wp\/v2\/posts"}],"about":[{"href":"http:\/\/octo.com.br\/blog\/wp-json\/wp\/v2\/types\/post"}],"replies":[{"embeddable":true,"href":"http:\/\/octo.com.br\/blog\/wp-json\/wp\/v2\/comments?post=3135"}],"version-history":[{"count":0,"href":"http:\/\/octo.com.br\/blog\/wp-json\/wp\/v2\/posts\/3135\/revisions"}],"wp:featuredmedia":[{"embeddable":true,"href":"http:\/\/octo.com.br\/blog\/wp-json\/wp\/v2\/media\/3136"}],"wp:attachment":[{"href":"http:\/\/octo.com.br\/blog\/wp-json\/wp\/v2\/media?parent=3135"}],"wp:term":[{"taxonomy":"category","embeddable":true,"href":"http:\/\/octo.com.br\/blog\/wp-json\/wp\/v2\/categories?post=3135"},{"taxonomy":"post_tag","embeddable":true,"href":"http:\/\/octo.com.br\/blog\/wp-json\/wp\/v2\/tags?post=3135"}],"curies":[{"name":"wp","href":"https:\/\/api.w.org\/{rel}","templated":true}]}}